
{"id":3174,"date":"2024-04-25T16:24:25","date_gmt":"2024-04-25T14:24:25","guid":{"rendered":"https:\/\/neuntermai.vvn-bda.de\/?p=3174"},"modified":"2024-04-25T16:39:17","modified_gmt":"2024-04-25T14:39:17","slug":"8-mai-1945-befreiung-was-sonst-%d1%81%d0%bf%d0%b0%d1%81%d0%b8%d0%b1%d0%be-%d0%b4%d1%8f%d0%ba%d1%83%d1%8e-thank-you-merci-9-mai-2024-%d0%bd%d0%b5","status":"publish","type":"post","link":"https:\/\/neuntermai.vvn-bda.de\/ru\/2024\/04\/25\/8-mai-1945-befreiung-was-sonst-%d1%81%d0%bf%d0%b0%d1%81%d0%b8%d0%b1%d0%be-%d0%b4%d1%8f%d0%ba%d1%83%d1%8e-thank-you-merci-9-mai-2024-%d0%bd%d0%b5\/","title":{"rendered":"8.Mai 1945 &#8211; Befreiung was sonst!                     \u0421\u043f\u0430\u0441\u0438\u0431\u043e, \u0414\u044f\u043a\u0443\u044e, thank you, merci!                 9.Mai 2024 \u2013 \u041d\u0435\u0442 \u0432\u043e\u0439\u043d\u0435!"},"content":{"rendered":"\n<figure class=\"wp-block-image size-large is-resized\"><a href=\"https:\/\/neuntermai.vvn-bda.de\/wp-content\/uploads\/sites\/4\/2024\/04\/8_9_Mai_2024_Web.jpg\"><img loading=\"lazy\" decoding=\"async\" width=\"724\" height=\"1024\" src=\"https:\/\/neuntermai.vvn-bda.de\/wp-content\/uploads\/sites\/4\/2024\/04\/8_9_Mai_2024_Web-724x1024.jpg\" alt=\"\" class=\"wp-image-3184\" style=\"width:460px;height:auto\" srcset=\"https:\/\/neuntermai.vvn-bda.de\/wp-content\/uploads\/sites\/4\/2024\/04\/8_9_Mai_2024_Web-724x1024.jpg 724w, https:\/\/neuntermai.vvn-bda.de\/wp-content\/uploads\/sites\/4\/2024\/04\/8_9_Mai_2024_Web-212x300.jpg 212w, https:\/\/neuntermai.vvn-bda.de\/wp-content\/uploads\/sites\/4\/2024\/04\/8_9_Mai_2024_Web-768x1086.jpg 768w, https:\/\/neuntermai.vvn-bda.de\/wp-content\/uploads\/sites\/4\/2024\/04\/8_9_Mai_2024_Web-1086x1536.jpg 1086w, https:\/\/neuntermai.vvn-bda.de\/wp-content\/uploads\/sites\/4\/2024\/04\/8_9_Mai_2024_Web.jpg 1200w\" sizes=\"auto, (max-width: 724px) 100vw, 724px\" \/><\/a><\/figure>\n\n\n\n<p><strong>Kundgebung gegen den Krieg und Dank an die Befreier*innen<br>Berlin | 8.Mai 2024 |12.00 \u2013 19.00 Uhr|<br>Sowjetisches Ehrenmal im Treptower Park | an der Skulptur \u201eMutter Heimat\u201c<\/strong><br><\/p>\n\n\n\n<p><strong>Mahnwache gegen den Krieg                                                                                                                              9.Mai 2024 | 8.30- 10.30 Uhr |<br>Sowjetisches Ehrenmal im Treptower Park | an der Skulptur \u201eMutter Heimat\u201c<\/strong><\/p>\n\n\n\n<p><strong>8. Mai 1945 \u2013 \u0413\u0438\u0442\u043b\u0435\u0440 \u043a\u0430\u043f\u0443\u0442! \u0413\u0456\u0442\u043b\u0435\u0440 \u043a\u0430\u043f\u0443\u0442! Hitler kaputt!\u2013endlich Frieden!<\/strong><\/p>\n\n\n\n<p>Am 8. Mai 1945 wurde die endg\u00fcltige und bedingungslose Kapitulation der deutschen Wehrmacht besiegelt. Das Morden der deutschen Wehrmacht, der SS, der deutschen Polizeitruppen und ihrer Kollaborateur*innen in den \u00fcberfallenen L\u00e4ndern und in den Konzentrationslagern war endg\u00fcltig beendet. Seitdem wird der 8. Mai 1945 als Tag der Befreiung und der 9. Mai in den L\u00e4ndern der ehemaligen Sowjetunion als Tag des Sieges \u00fcber den deutschen Faschismus begangen.<\/p>\n\n\n\n<p>\u201eNie wieder Faschismus \u2013 nie wieder Krieg!\u201c lautet ein Versprechen der \u00dcberlebenden des Faschismus in Europa und in der Welt.<\/p>\n\n\n\n<p class=\"has-medium-font-size\"><strong><em>\u201eDas Morgenrot der Menschheit\u201c \u2013 <\/em>der 8. Mai muss endlich gesetzlicher Feiertag werden!<\/strong><\/p>\n\n\n\n<p>In Berlin soll der 8. Mai 2025, der 80. Jahrestag der Befreiung vom Nazismus, nur einmalig als gesetzlicher, arbeitsfreier Feiertag begangen werden. <strong>Das ist uns nat\u00fcrlich zu wenig!<\/strong> F\u00fcr die \u00dcberlebenden der faschistischen Lager und Kerker, f\u00fcr die aus Verstecken und aus dem Exil Zur\u00fcckgekehrten, f\u00fcr alle Nazigegner*innen in Europa war der 8. Mai 1945 trotz der Trauer um die von den Nazis Ermordeten und Gequ\u00e4lten ein Tag der Freude und Hoffnung.<\/p>\n\n\n\n<p><strong>\u201eDas Morgenrot der Menschheit\u201c<\/strong> \u2013 so nannte Peter Gingold, deutscher Jude, Kommunist und R\u00e9sistance-K\u00e4mpfer, diesen Tag, den er bei Partisan*innen in Italien verbrachte. <strong><em>\u201eAuf dem Marktplatz haben die Soldaten ein Hitlerbild verbrannt, alle haben gefeiert, lagen sich in den Armen \u2013 und ich habe dazu Akkordeon gespielt.<\/em><\/strong>\u201c So erinnerte sich die verstorbene Ehrenvorsitzende der VVN-BdA Esther Bejarano an ihre Befreiung auf dem Todesmarsch durch amerikanische und sowjetische Soldat*innen am 8. Mai 1945. Und f\u00fcgte hinzu<em>:<\/em><\/p>\n\n\n\n<p>\u201e<em><strong>Der 8. Mai muss ein Feiertag werden! Ein Tag, an dem die Befreiung der Menschheit vom NS-Regime gefeiert werden kann. Das ist \u00fcberf\u00e4llig seit sieben Jahrzehnten. Und hilft vielleicht endlich zu begreifen, dass der 8. Mai 1945 der Tag der Befreiung war, der Niederschlagung des NS-Regimes. Am 8. Mai w\u00e4re dann Gelegenheit, \u00fcber die gro\u00dfen Hoffnungen der Menschheit nachzudenken: \u00fcber Freiheit, Gleichheit, Br\u00fcderlichkeit \u2013 und Schwesterlichkeit.\u201c<\/strong><\/em> <\/p>\n\n\n\n<p>In einigen Bundesl\u00e4ndern ist der 8. Mai schon als Gedenktag eingef\u00fchrt und in einigen europ\u00e4ischen Nachbarl\u00e4ndern ist der 8. Mai bereits als gesetzlicher Feiertag verankert. Diese Beispiele zeigen, dass die Anerkennung des 8. Mai als Feiertag m\u00f6glich ist. Die (Berliner) VVN-BdA wird ihre bisherigen Bem\u00fchungen, den 8. Mai als gesetzlichen Feiertag zu machen in einer Kampagne zum 8. Mai 2025 b\u00fcndeln und mit einer gro\u00dfen Feier zum vorl\u00e4ufigen H\u00f6hepunkt f\u00fchren.<\/p>\n\n\n\n<p><strong>Ihr seid nicht vergessen!<\/strong> <strong>Wir erinnern: Die Rote Armee befreite Auschwitz, befreite Berlin<\/strong><\/p>\n\n\n\n<p>Im Sowjetischen Ehrenmal im Treptower Park ruhen 7.000 in den letzten Tagen vor dem Sieg \u00fcber den Faschismus gefallene Soldat*innen aus der Ukraine, Russland, Belarus und den anderen Republiken der Sowjetunion Schulter an Schulter in ihren Gr\u00e4bern \u2013 f\u00fcr sie kam der 8. Mai zu sp\u00e4t.<\/p>\n\n\n\n<p>Auch f\u00fcr weitere Millionen Opfer der nazistischen Diktatur \u2013 Juden_J\u00fcdinnen, Sinti*zze und Rom*nja, Homosexuelle und Zwangsarbeiter*innen \u2013 kam dieser Tag zu sp\u00e4t. Zu sp\u00e4t aber auch f\u00fcr viele antifaschistisch Denkende und Handelnde \u2013 Kommunist*innen, Sozialdemokrat*innen, Gewerkschafter*innen, Christ*innen, Humanist*innen. \u00dcber zehn Millionen alliierter Soldat*innen, Partisan*innen, Widerstandsk\u00e4mpfer*innen in vielen L\u00e4ndern mussten an den Fronten f\u00fcr den Sieg \u00fcber die Achsenm\u00e4chte und die Befreiung ihr Leben geben. Ihnen und all jenen, die an der Befreiung vom Faschismus und dem Sieg \u00fcber Nazideutschland beitrugen, gilt unser Dank.<\/p>\n\n\n\n<blockquote class=\"wp-block-quote is-layout-flow wp-block-quote-is-layout-flow\">\n<p class=\"has-medium-font-size\"><em>Es war die Rote Armee, in der Angeh\u00f6rige aller Republiken der Sowjetunion k\u00e4mpften, die Auschwitz befreite, die Berlin befreite.<\/em> <\/p>\n\n\n\n<p class=\"has-medium-font-size\"><strong>\u0421\u043f\u0430\u0441\u0438\u0431\u043e<em>, <\/em>\u0414\u044f\u043a\u0443\u044e,<em> thank you, merci! Danke!<\/em><\/strong><\/p>\n<\/blockquote>\n\n\n\n<h2 class=\"wp-block-heading\"><strong><em>Der russische Angriffskrieg muss sofort beendet werden! Stoppt das Morden! Die Waffen nieder!<\/em><\/strong><\/h2>\n\n\n\n<p>Die VVN ist seit ihrer Gr\u00fcndung durch \u00dcberlebende des Naziterrors, des Widerstandskampfes und des Exils Teil der internationalen Antikriegsbewegung.<\/p>\n\n\n\n<p>Wir Antifaschist*innen gehen auch in diesem Jahr am 8. und 9. Mai zum Sowjetischen Ehrenmal in Treptow, um die gefallenen Befreier*innen der Roten Armee zu ehren, aber auch um klar und deutlich zu sagen: Es ist entsetzlich, dass die Enkel der Opfer des deutschen Faschismus, die Enkel unserer Befreier*innen in Russland und der Ukraine aufeinander schie\u00dfen m\u00fcssen. Mitglieder der internationalen Komitees und der nationalen Vereinigungen der \u00dcberlebenden der Nazi-Konzentrations- und Vernichtungslager sagten am 4. M\u00e4rz 2022 in einem Appell an Russland zur sofortigen Beendigung des Krieges:<em><strong> \u201eUnter den sowjetischen \u00dcberlebenden der Nazilager, die im Fr\u00fchjahr 1945 die Orte verlie\u00dfen, an denen sie jahrelang dem Tod ins Auge gesehen hatten, waren oft Russ*innen und Ukrainer*innen am zahlreichsten. (\u2026) Sie waren von den Nazis als dieselbe Kategorie von H\u00e4ftlingen registriert worden, sie waren denselben Entbehrungen, Dem\u00fctigungen und lebensbedrohlichen Situationen ausgesetzt gewesen. Sie konnten sich nur auf die Solidarit\u00e4t unter den Deportierten verlassen, um zu \u00fcberleben. Alle hatten als B\u00fcrger*innen der Sowjetunion ihren Teil am gemeinsamen Kampf gegen den Nazi-Aggressor beigetragen.\u201c<\/strong><\/em><\/p>\n\n\n\n<p class=\"has-medium-font-size\"><strong>Gegen eine Instrumentalisierung des Antifaschismus<\/strong><\/p>\n\n\n\n<p>Die russische Regierung versucht, den Tag des Sieges \u00fcber den Faschismus und die Erinnerung an die Opfer und den Widerstand der Sowjet-B\u00fcrger*innen im Zweiten Weltkrieg f\u00fcr ihren aktuellen Krieg und ihre imperialen Pl\u00e4ne zu instrumentalisieren.<\/p>\n\n\n\n<p>Wir weisen die russische Kriegspropaganda zur\u00fcck, der Angriff auf die Ukraine diene der \u201eDenazifizierung\u201c der Ukraine, der Verhinderung eines \u201eGenozids\u201c in der Ostukraine und sei ein neuer \u201eGro\u00dfer Vaterl\u00e4ndischer Krieg\u201c. Dieser Versuch, den \u00dcberfall Russlands auf die Ukraine zu legitimieren und der angeblich \u201enazistischen\u201c Ukraine das Recht auf Selbstbestimmung abzusprechen, ist zynische Verf\u00e4lschung der Realit\u00e4t. Sie relativiert den Holocaust und alle NS-Verbrechen an der Bev\u00f6lkerung. Sie deutet den Begriff des Nazismus zu einem Kampf- und Feindbegriff ausgerechnet gegen Ukrainer*innen um. Sie macht die Enkel der Opfer und Befreier*innen in Russland und der Ukraine zu Feinden. Das ist eine Beleidigung aller \u00fcberlebenden Opfer des Faschismus, eine Entwertung der Verteidiger*innen der Sowjetunion und eine Umschreibung der Geschichte.<\/p>\n\n\n\n<p><strong>Die Botschaft des 8. Mai lautet &#8211; Nicht kriegst\u00fcchtig wollen wir sein, sondern f\u00fcr eine Welt des Friedens und der Freiheit werden wir weiterhin k\u00e4mpfen!<\/strong><\/p>\n\n\n\n<p>Wir treten ein gegen den neuen Bellizismus in der deutschen Politik und in der Zivilgesellschaft, gegen die Begeisterung f\u00fcr alles Milit\u00e4rische. Wir treten ein gegen die Dehumanisierung der russischen B\u00fcrger*innen. Uns entsetzen die Euphorie und Emphase jener, die ukrainische Soldat*innen als Held*innen in einem Kampf um \u201eunsere westlichen Werte\u201c ins Feld und in den Tod schicken wollen. Dabei werden weitere Waffenlieferungen an die Ukraine als alternativlos dargestellt, Kriegs- und Aufr\u00fcstungsgegner*innen bestenfalls als naiv abgetan oder gleich als Putin-Unterst\u00fctzer*innen diffamiert. Bef\u00fcrworter*innen einer rein milit\u00e4rischen L\u00f6sung weichen gleichzeitig seit \u00fcber zwei Jahren der Beantwortung der Frage aus, wie viele Menschenleben noch geopfert werden sollen und ob die weitere Zerst\u00f6rung der Ukraine und weitere Tote f\u00fcr einen illusorischen \u201eSiegfrieden\u201c in Kauf genommen werden soll.<\/p>\n\n\n\n<p>Stattdessen wird der russische Angriffskrieg f\u00fcr ein riesiges Aufr\u00fcstungsprogramm in Deutschland mit einem Einhundert-Milliarden-Paket f\u00fcr die Bundeswehr und die Aufstockung des deutschen Wehretats auf mindestens zwei Prozent des Bruttoinlandsproduktes genutzt.<\/p>\n\n\n\n<p class=\"has-medium-font-size\"><strong>Solidarit\u00e4t statt Nationalismus!<\/strong><\/p>\n\n\n\n<p style=\"font-size:16px\">Wir stehen auf der Seite der angegriffenen ukrainischen Bev\u00f6lkerung, der Gefl\u00fcchteten, derer, die gegen ihren Willen Soldat*innen werden sowie der Deserteur*innen und Kriegsdienstverweigerer. Wir sind solidarisch mit den Menschen, die in Russland und Belarus gegen den Krieg und einen immer autorit\u00e4reren Staat protestieren. Wir k\u00e4mpfen mit denen, die sich der milit\u00e4rischen und nationalistischen Logik in Russland, in der Ukraine und dem Bellizismus hier in Deutschland und \u00fcberall zu verweigern versuchen.<\/p>\n\n\n\n<p><\/p>\n\n\n\n<p class=\"has-small-font-size\"><\/p>\n\n\n\n<h2 class=\"wp-block-heading\">Kommt am 8. und 9. Mai zum Sowjetischen Ehrenmal in Treptow.<\/h2>\n\n\n\n<ul class=\"wp-block-list\">\n<li>Wir erinnern an den historischen Moment, wir danken den Befreier*innen aus allen Republiken der Sowjetunion!<\/li>\n\n\n\n<li>Tretet mit uns ein gegen Krieg, Patriotismus und Nationalismus!<\/li>\n\n\n\n<li>Gegen jeden Geschichtsrevisionismus!<\/li>\n\n\n\n<li>Sofortige Entsch\u00e4digung f\u00fcr alle noch lebenden Kriegsgefangenen aus allen Republiken der ehemaligen Sowjetunion!<\/li>\n\n\n\n<li>Aufnahme aller Menschen, die vor Kriegen und Armut fl\u00fcchten, die rassistische Aufnahmepraxis muss aufh\u00f6ren!<\/li>\n\n\n\n<li>Unterst\u00fctzung f\u00fcr russische, belarussische und ukrainische Deserteur*innen und Kriegsdienstverweigerer!<\/li>\n\n\n\n<li>Stopp der Aufr\u00fcstungsspirale jetzt!<\/li>\n\n\n\n<li>Solidarit\u00e4t statt Nationalismus!<\/li>\n<\/ul>\n\n\n\n<p class=\"has-medium-font-size\"><strong>Spasibo, thank you, merci!<\/strong><\/p>\n\n\n\n<p>Berliner Vereinigung der Verfolgten des Naziregimes \u2013 Bund der Antifaschistinnen und Antifaschisten (VVN-BdA ), Basisorganisation (BO) 8. Mai der Berliner Vereinigung der Verfolgten des Naziregimes \u2013 Bund der Antifaschistinnen und Antifaschisten (VVN-BdA) \/\/ Antifaschistische Initiative Moabit (AIM) \/\/ Interventionistische Linke Berlin \/\/<\/p>\n\n\n\n<p class=\"has-medium-font-size\"><br><\/p>\n","protected":false},"excerpt":{"rendered":"<p>Kundgebung gegen den Krieg und Dank an die Befreier*innenBerlin | 8.Mai 2024 |12.00 \u2013 19.00 Uhr|Sowjetisches Ehrenmal im Treptower Park | an der Skulptur \u201eMutter Heimat\u201c<\/p>\n<p>Mahnwache gegen den Krieg                           &#8230;<\/p>\n","protected":false},"author":2,"featured_media":0,"comment_status":"open","ping_status":"open","sticky":false,"template":"","format":"standard","meta":{"_acf_changed":false,"footnotes":""},"categories":[1],"tags":[],"class_list":["post-3174","post","type-post","status-publish","format-standard","hentry","category-aktuelles"],"acf":[],"_links":{"self":[{"href":"https:\/\/neuntermai.vvn-bda.de\/ru\/wp-json\/wp\/v2\/posts\/3174","targetHints":{"allow":["GET"]}}],"collection":[{"href":"https:\/\/neuntermai.vvn-bda.de\/ru\/wp-json\/wp\/v2\/posts"}],"about":[{"href":"https:\/\/neuntermai.vvn-bda.de\/ru\/wp-json\/wp\/v2\/types\/post"}],"author":[{"embeddable":true,"href":"https:\/\/neuntermai.vvn-bda.de\/ru\/wp-json\/wp\/v2\/users\/2"}],"replies":[{"embeddable":true,"href":"https:\/\/neuntermai.vvn-bda.de\/ru\/wp-json\/wp\/v2\/comments?post=3174"}],"version-history":[{"count":19,"href":"https:\/\/neuntermai.vvn-bda.de\/ru\/wp-json\/wp\/v2\/posts\/3174\/revisions"}],"predecessor-version":[{"id":3196,"href":"https:\/\/neuntermai.vvn-bda.de\/ru\/wp-json\/wp\/v2\/posts\/3174\/revisions\/3196"}],"wp:attachment":[{"href":"https:\/\/neuntermai.vvn-bda.de\/ru\/wp-json\/wp\/v2\/media?parent=3174"}],"wp:term":[{"taxonomy":"category","embeddable":true,"href":"https:\/\/neuntermai.vvn-bda.de\/ru\/wp-json\/wp\/v2\/categories?post=3174"},{"taxonomy":"post_tag","embeddable":true,"href":"https:\/\/neuntermai.vvn-bda.de\/ru\/wp-json\/wp\/v2\/tags?post=3174"}],"curies":[{"name":"wp","href":"https:\/\/api.w.org\/{rel}","templated":true}]}}