
{"id":3144,"date":"2023-04-26T18:45:31","date_gmt":"2023-04-26T16:45:31","guid":{"rendered":"https:\/\/neuntermai.vvn-bda.de\/?p=3144"},"modified":"2023-05-03T16:46:17","modified_gmt":"2023-05-03T14:46:17","slug":"9-mai-2023-%d0%bd%d0%b5%d1%82-%d0%b2%d0%be%d0%b9%d0%bd%d0%b5","status":"publish","type":"post","link":"https:\/\/neuntermai.vvn-bda.de\/ru\/2023\/04\/26\/9-mai-2023-%d0%bd%d0%b5%d1%82-%d0%b2%d0%be%d0%b9%d0%bd%d0%b5\/","title":{"rendered":"9.Mai 2023 &#8211; \u041d\u0435\u0442 \u0432\u043e\u0439\u043d\u0435!"},"content":{"rendered":"\n<p class=\"has-medium-font-size\" style=\"font-style:normal;font-weight:700\"><strong>Kundgebung gegen den Krieg und Dank an die Befreier*innen<\/strong><\/p>\n\n\n\n<p class=\"has-medium-font-size\" style=\"font-style:normal;font-weight:700\"><strong>Berlin | 9.&nbsp;Mai 2023 | ab 9.00 | Sowjetisches Ehrenmal im Treptower Park | an der Skulptur \u201eMutter Heimat\u201c<\/strong><\/p>\n\n\n<div class=\"wp-block-image\">\n<figure class=\"aligncenter size-large is-resized\"><a href=\"https:\/\/neuntermai.vvn-bda.de\/wp-content\/uploads\/sites\/4\/2023\/04\/9Mai_2022_Plakat2_Draft2-1.jpg\"><img loading=\"lazy\" decoding=\"async\" src=\"https:\/\/neuntermai.vvn-bda.de\/wp-content\/uploads\/sites\/4\/2023\/04\/9Mai_2022_Plakat2_Draft2-1-724x1024.jpg\" alt=\"\" class=\"wp-image-3157\" width=\"362\" height=\"512\" srcset=\"https:\/\/neuntermai.vvn-bda.de\/wp-content\/uploads\/sites\/4\/2023\/04\/9Mai_2022_Plakat2_Draft2-1-724x1024.jpg 724w, https:\/\/neuntermai.vvn-bda.de\/wp-content\/uploads\/sites\/4\/2023\/04\/9Mai_2022_Plakat2_Draft2-1-212x300.jpg 212w, https:\/\/neuntermai.vvn-bda.de\/wp-content\/uploads\/sites\/4\/2023\/04\/9Mai_2022_Plakat2_Draft2-1-768x1086.jpg 768w, https:\/\/neuntermai.vvn-bda.de\/wp-content\/uploads\/sites\/4\/2023\/04\/9Mai_2022_Plakat2_Draft2-1-1086x1536.jpg 1086w, https:\/\/neuntermai.vvn-bda.de\/wp-content\/uploads\/sites\/4\/2023\/04\/9Mai_2022_Plakat2_Draft2-1-1448x2048.jpg 1448w, https:\/\/neuntermai.vvn-bda.de\/wp-content\/uploads\/sites\/4\/2023\/04\/9Mai_2022_Plakat2_Draft2-1.jpg 1653w\" sizes=\"auto, (max-width: 362px) 100vw, 362px\" \/><\/a><figcaption class=\"wp-element-caption\"><strong><a href=\"https:\/\/berlin.vvn-bda.de\/wp-content\/uploads\/sites\/3\/2023\/05\/Flyer9mai2023.pdf\">Flyer zum Download &gt;&gt;&gt;<\/a><\/strong><\/figcaption><\/figure><\/div>\n\n\n<p style=\"font-style:normal;font-weight:700\"><strong>9. Mai 1945 \u2013 der erste Tag des Friedens<\/strong><\/p>\n\n\n\n<p>Der 9. Mai 1945 war der erste Tag des Friedens, nachdem am 8. Mai 1945 die endg\u00fcltige und bedingungslose Kapitulation der deutschen Wehrmacht besiegelt wurde. Das Morden der deutschen Wehrmacht, der SS, der deutschen Polizeitruppen und ihrer Kollaborateur*innen in den \u00fcberfallenen L\u00e4ndern den Konzentrationslagern war endg\u00fcltig beendet.<\/p>\n\n\n\n<p>Seitdem wird der 8. Mai 1945 als Tag der Befreiung und der 9.&nbsp;Mai als Tag des Sieges \u00fcber den deutschen Faschismus begangen.<\/p>\n\n\n\n<p>\u201eNie wieder Faschismus \u2013 nie wieder Krieg!\u201c lautet ein Versprechen der \u00dcberlebenden des Faschismus in Europa und in der Welt.<\/p>\n\n\n\n<p><strong>Wir erinnern: Die Rote Armee befreite Auschwitz, befreite Berlin<\/strong><\/p>\n\n\n\n<p>Im Sowjetischen Ehrenmal im Treptower Park ruhen 7.000 in den letzten Tagen vor dem Sieg \u00fcber den Faschismus gefallene Soldat*innen aus der Ukraine, Russland, Belarus und den anderen Republiken der Sowjetunion Schulter an Schulter in ihren Gr\u00e4bern \u2013 f\u00fcr sie kam der 9. Mai zu sp\u00e4t.<\/p>\n\n\n\n<p>Auch f\u00fcr weitere Millionen Opfer der nazistischen Diktatur \u2013 Juden und J\u00fcd*innen, Sinti*zze und Rom*nja, Homosexuelle und Zwangsarbeiter*innen \u2013 kam dieser Tag zu sp\u00e4t. Zu sp\u00e4t aber auch f\u00fcr viele antifaschistisch Denkende und Handelnde \u2013 Kommunist*innen, Sozialdemokrat*innen, Gewerkschafter*innen, Christ*innen, Humanist*innen. \u00dcber zehn Millionen alliierter Soldat*innen, Partisan*innen, Widerstandsk\u00e4mpfer*innen in vielen L\u00e4ndern mussten an den Fronten f\u00fcr den Sieg \u00fcber die Achsenm\u00e4chte und die Befreiung ihr Leben geben. Ihnen und all jenen, die an der Befreiung vom Faschismus und dem Sieg \u00fcber Nazideutschland beitrugen, gilt unser Dank.<\/p>\n\n\n\n<p><strong><em>Es war die Rote Armee, in der Angeh\u00f6rige aller Republiken der Sowjetunion k\u00e4mpften, die Auschwitz befreite, die Berlin befreite.<\/em><\/strong><\/p>\n\n\n\n<p><strong><em>Spasibo, thank you, merci!<\/em><\/strong><\/p>\n\n\n\n<p><strong>Stoppt das Morden! Die Waffen nieder!<\/strong><\/p>\n\n\n\n<p>Im Gedenken an sie alle hat die Berliner VVN-BdA bis 2021 jeweils am 9. Mai am Sowjetischen Ehrenmal in Treptow ein Fest organisiert. Gemeinsam mit polnischen und Veteran*innen der Roten Armee, antifaschistischen Widerstandsk\u00e4mpfer*innen und \u00dcberlebenden des faschistischen Terrors haben wir den Sieg der Alliierten \u00fcber das faschistische Deutschland und den ersten Tag des Friedens 1945 gefeiert.<\/p>\n\n\n\n<p>Seitdem am 24.&nbsp;Februar 2022 Russland einen Krieg gegen die Ukraine und die Menschen, die dort leben, f\u00fchrt, ist uns das nicht mehr m\u00f6glich. Unertr\u00e4glich ist f\u00fcr uns, dass \u00dcberlebende des deutschen Vernichtungskrieges und des Holocaust durch Russlands Krieg Todesgefahr ausgesetzt sind. So wurde der KZ-\u00dcberlebende Boris Romantschenko bereits im M\u00e4rz 2022 in Charkiw durch eine russische Bombe in seiner Wohnung get\u00f6tet.<\/p>\n\n\n\n<blockquote class=\"wp-block-quote is-layout-flow wp-block-quote-is-layout-flow\">\n<p><strong><em>Der russische Angriffskrieg muss sofort beendet werden! Stoppt das Morden! Die Waffen nieder!<\/em><\/strong><\/p>\n<\/blockquote>\n\n\n\n<p>Mitglieder der internationalen Komitees und der nationalen Vereinigungen der \u00dcberlebenden der Nazi-Konzentrations- und Vernichtungslager sagten am 4. M\u00e4rz 2022 in einem Appell an Russland zur sofortigen Beendigung des Krieges:<\/p>\n\n\n\n<p><em>\u201eUnter den sowjetischen \u00dcberlebenden der Nazilager, die im Fr\u00fchjahr 1945 die Orte verlie\u00dfen, an denen sie jahrelang dem Tod ins Auge gesehen hatten, waren oft Russ:innen und Ukrainer:innen am zahlreichsten. (\u2026) Sie waren von den Nazis als dieselbe Kategorie von H\u00e4ftlingen registriert worden, sie waren denselben Entbehrungen, Dem\u00fctigungen und lebensbedrohlichen Situationen ausgesetzt gewesen. Sie konnten sich nur auf die Solidarit\u00e4t unter den Deportierten verlassen, um zu \u00fcberleben. Alle hatten als B\u00fcrger:innen der Sowjetunion ihren Teil am gemeinsamen Kampf gegen den Nazi-Aggressor beigetragen.\u201c<\/em><\/p>\n\n\n\n<p>Die VVN ist seit ihrer Gr\u00fcndung durch \u00dcberlebende des Naziterrors, des Widerstandskampfes und des Exils Teil der internationalen Antikriegsbewegung.<\/p>\n\n\n\n<p>Wir Antifaschist*innen gehen auch in diesem Jahr am 8. und 9.&nbsp;Mai zum Sowjetischen Ehrenmal in Treptow, um die gefallenen Befreier*innen der Roten Armee zu ehren und um klar und deutlich zu sagen:<\/p>\n\n\n\n<p>Es ist entsetzlich, dass die Enkel der Opfer des deutschen Faschismus, die Enkel unserer Befreier*innen in Russland und der Ukraine aufeinander schie\u00dfen m\u00fcssen.<\/p>\n\n\n\n<p><strong><em>Der russische Angriffskrieg muss sofort beendet werden! Stoppt das Morden! Die Waffen nieder!<\/em><\/strong><\/p>\n\n\n\n<blockquote class=\"wp-block-quote is-layout-flow wp-block-quote-is-layout-flow\">\n<p><\/p>\n<\/blockquote>\n\n\n\n<p><strong>Gegen eine falsche \u201ehistorische Verantwortung\u201c und gegen eine Instrumentalisierung des Antifaschismus<\/strong><\/p>\n\n\n\n<p>\u00dcberall wird heute von der \u201ehistorischen Verantwortung Deutschlands\u201c gesprochen.<\/p>\n\n\n\n<p>Mit dem Ausspruch \u201eNie wieder Krieg, nie wieder Auschwitz, nie wieder V\u00f6lkermord, nie wieder Faschismus\u201c legitimierte 1999 der damalige Au\u00dfenminister Josef \u201eJoschka\u201c Fischer den ersten deutschen Kriegseinsatz nach 1945 in Europa, im ehemaligen Jugoslawien \u2013 einst von der Wehrmacht besetzt und Schauplatz grausamster deutscher Kriegsverbrechen. Nun beteiligte sich die Bundeswehr am Kosovo-Krieg, warf Bomben auf Belgrad.<\/p>\n\n\n\n<p>Die historische Verantwortung Deutschlands besteht nicht darin, dass die Enkel deutscher Wehrmachtssoldaten und Nazit\u00e4ter Kriege f\u00fchren und eine nie dagewesene Aufr\u00fcstung betreiben.<\/p>\n\n\n\n<p>Historische Verantwortung deutscher Politik im Angesicht des Krieges in der Ukraine bedeutet, alle nichtkriegerischen Mittel und Wege zu beschreiten und auszusch\u00f6pfen (verhandeln statt schie\u00dfen!), um den Leidtragenden des russischen Angriffskrieges in der Ukraine zur Seite zu stehen sowie zu helfen, den Krieg sofort zu beenden.<\/p>\n\n\n\n<p>Die russische Regierung versucht, den Tag des Sieges \u00fcber den Faschismus und die Erinnerung an die Opfer und den Widerstand der Sowjet-B\u00fcrger*innen im Zweiten Weltkrieg f\u00fcr ihren aktuellen Krieg und ihre imperialen Pl\u00e4ne zu instrumentalisieren.<\/p>\n\n\n\n<p>Wir weisen die russische Kriegspropaganda zur\u00fcck, der Angriff auf die Ukraine diene der \u201eDenazifizierung\u201c der Ukraine, der Verhinderung eines \u201eGenozids\u201c in der Ostukraine und sei ein neuer \u201eGro\u00dfer Vaterl\u00e4ndischer Krieg\u201c. Dieser Versuch, den \u00dcberfall Russlands auf die Ukraine zu legitimieren und der angeblich \u201enazistischen\u201c Ukraine das Recht auf Selbstbestimmung abzusprechen, ist zynische Verf\u00e4lschung der Realit\u00e4t. Sie relativiert den Holocaust und alle NS-Verbrechen an der Bev\u00f6lkerung. Sie deutet den Begriff des Nazismus zu einem Kampf- und Feindbegriff ausgerechnet gegen Ukrainer*innen um. Sie macht die Enkel der Opfer und Befreier*innen in Russland und der Ukraine zu Feinden. Das ist eine Beleidigung aller \u00fcberlebenden Opfer des Faschismus, eine Entwertung der Verteidiger*innen der Sowjetunion und eine Geschichtsl\u00fcge.<\/p>\n\n\n\n<p><strong>Gegen die neue Kriegsbegeisterung!<\/strong><\/p>\n\n\n\n<p>Wir treten ein gegen den neuen Bellizismus [1] in der deutschen Politik und in der Zivilgesellschaft, gegen die Begeisterung f\u00fcr alles Milit\u00e4rische. Uns entsetzen die Euphorie und Emphase jener, die ukrainische Soldat*innen als Held*innen in einem Kampf um \u201eunsere westlichen Werte\u201c ins Feld und in den Tod schicken wollen. Dabei werden weitere Waffenlieferungen an die Ukraine als alternativlos dargestellt, Kriegs- und Aufr\u00fcstungsgegner*innen bestenfalls als naiv abgetan oder gleich als Putin-Unterst\u00fctzer*innen diffamiert.<\/p>\n\n\n\n<p>Bef\u00fcrworter*innen einer rein milit\u00e4rischen L\u00f6sung weichen gleichzeitig der Beantwortung der Frage aus, wie viele Menschenleben noch geopfert werden sollen und ob die weitere Zerst\u00f6rung der Ukraine f\u00fcr einen illusorischen \u201eSiegfrieden\u201c in Kauf genommen werden soll.<\/p>\n\n\n\n<p>Der russische Angriffskrieg wird f\u00fcr ein riesiges Aufr\u00fcstungsprogramm in Deutschland mit einem Einhundert-Milliarden-Paket f\u00fcr die Bundeswehr und die Aufstockung des deutschen Wehretats auf mindestens zwei Prozent des Bruttoinlandsproduktes genutzt.<\/p>\n\n\n\n<p>Den Ukrainer*innen nutzt das \u00fcbrigens nicht \u2013 diese Waffen sind f\u00fcr zuk\u00fcnftige Kriege im deutschen Interesse gedacht.<\/p>\n\n\n\n<p><strong>Solidarit\u00e4t statt Nationalismus!<\/strong><\/p>\n\n\n\n<p>Wir stehen auf der Seite der angegriffenen ukrainischen Bev\u00f6lkerung, der Gefl\u00fcchteten, derer, die gegen ihren Willen Soldat*innen werden sowie der Deserteur*innen und Kriegsdienstverweigerer. Wir sind solidarisch mit den Menschen, die in Russland und Belarus gegen den Krieg und einen immer autorit\u00e4reren Staat protestieren. Wir k\u00e4mpfen mit denen, die sich der milit\u00e4rischen und nationalistischen Logik in Russland, in der Ukraine und dem Bellizismus hier in Deutschland und \u00fcberall zu verweigern versuchen.<\/p>\n\n\n\n<p>Kommt am 8. und 9. Mai zum Sowjetischen Ehrenmal in Treptow.<\/p>\n\n\n\n<p>Wir erinnern an den historischen Moment, wir danken den Befreier*innen aus allen Republiken der Sowjetunion!<\/p>\n\n\n\n<p>Tretet mit uns ein gegen Krieg, Patriotismus und Nationalismus.<\/p>\n\n\n\n<p>Gegen jeden Geschichtsrevisionismus!<\/p>\n\n\n\n<p>Sofortige Entsch\u00e4digung f\u00fcr alle noch lebenden Kriegsgefangenen aus allen Republiken der ehemaligen Sowjetunion!<\/p>\n\n\n\n<p>Aufnahme aller Menschen, die vor Kriegen und Armut fl\u00fcchten, die rassistische Aufnahmepraxis muss aufh\u00f6ren!<\/p>\n\n\n\n<p>Unterst\u00fctzung f\u00fcr russische, belarussische und ukrainische Deserteur*innen und Kriegsdienstverweigerer!<\/p>\n\n\n\n<p>Stopp der Aufr\u00fcstungsspirale jetzt!<\/p>\n\n\n\n<p>Solidarit\u00e4t statt Nationalismus!<\/p>\n\n\n\n<p><strong>Spasibo, thank you, merci!<\/strong><\/p>\n\n\n\n<p>Basisorganisation (BO) 8. Mai der Berliner Vereinigung der Verfolgten des Naziregimes \u2013 Bund der Antifaschistinnen und Antifaschisten (VVN-BdA) \/\/ Antifaschistische Initiative Moabit (AIM) \/\/ Interventionistische Linke Berlin \/\/ Stadtteilladen Zielona Gora e.V. \/\/.<\/p>\n\n\n\n<p><em>(1) Kriegsverherrlichung. Politische Haltung, die den Einsatz milit\u00e4rischer Mittel zur Durchsetzung von Zielen bef\u00fcrwortet. Gegenteil von Pazifismus<\/em><\/p>\n\n\n\n<figure class=\"wp-block-image size-large is-resized\"><a href=\"http:\/\/neuntermai.vvn-bda.de\/wp-content\/uploads\/sites\/4\/2023\/04\/Logo_Hilfnetzwerk.png\"><img loading=\"lazy\" decoding=\"async\" src=\"http:\/\/neuntermai.vvn-bda.de\/wp-content\/uploads\/sites\/4\/2023\/04\/Logo_Hilfnetzwerk-1024x297.png\" alt=\"\" class=\"wp-image-3170\" width=\"512\" height=\"149\" srcset=\"https:\/\/neuntermai.vvn-bda.de\/wp-content\/uploads\/sites\/4\/2023\/04\/Logo_Hilfnetzwerk-1024x297.png 1024w, https:\/\/neuntermai.vvn-bda.de\/wp-content\/uploads\/sites\/4\/2023\/04\/Logo_Hilfnetzwerk-300x87.png 300w, https:\/\/neuntermai.vvn-bda.de\/wp-content\/uploads\/sites\/4\/2023\/04\/Logo_Hilfnetzwerk-768x223.png 768w, https:\/\/neuntermai.vvn-bda.de\/wp-content\/uploads\/sites\/4\/2023\/04\/Logo_Hilfnetzwerk-1536x445.png 1536w, https:\/\/neuntermai.vvn-bda.de\/wp-content\/uploads\/sites\/4\/2023\/04\/Logo_Hilfnetzwerk.png 1549w\" sizes=\"auto, (max-width: 512px) 100vw, 512px\" \/><\/a><\/figure>\n\n\n\n<p>Wir w\u00fcrden uns freuen, wenn ihr zu diesem Anlass f\u00fcr das <strong>Hilfsnetzwerk f\u00fcr \u00dcberlebende der NS-Verfolgung in der Ukraine<\/strong> spenden w\u00fcrdet. Hier findet ihr weiteres dazu:<br><a href=\"https:\/\/kontakte-kontakty.de\/spendenaufruf-hilfsnetzwerk-fuer-ueberlebende-der-ns-verfolgung-in-der-ukraine\/\">https:\/\/kontakte-kontakty.de\/spendenaufruf-hilfsnetzwerk-fuer-ueberlebende-der-ns-verfolgung-in-der-ukraine\/<\/a><\/p>\n","protected":false},"excerpt":{"rendered":"<p>Kundgebung gegen den Krieg und Dank an die Befreier*innen<\/p>\n<p>Berlin | 9.&nbsp;Mai 2023 | ab 9.00 | Sowjetisches Ehrenmal im Treptower Park | an der Skulptur \u201eMutter Heimat\u201c<\/p>\n<p>Flyer zum Download &gt;&gt;&gt;<\/p>\n<p>9. Mai 1945 \u2013 der erste Tag des Friedens<\/p>\n<p>Der 9. Mai 1945 war der erste Tag des Friedens, nachdem am 8. Mai 1945 die endg\u00fcltige und &#8230;<\/p>\n","protected":false},"author":2,"featured_media":0,"comment_status":"open","ping_status":"open","sticky":false,"template":"","format":"standard","meta":{"_acf_changed":false,"footnotes":""},"categories":[1],"tags":[],"class_list":["post-3144","post","type-post","status-publish","format-standard","hentry","category-aktuelles"],"acf":[],"_links":{"self":[{"href":"https:\/\/neuntermai.vvn-bda.de\/ru\/wp-json\/wp\/v2\/posts\/3144","targetHints":{"allow":["GET"]}}],"collection":[{"href":"https:\/\/neuntermai.vvn-bda.de\/ru\/wp-json\/wp\/v2\/posts"}],"about":[{"href":"https:\/\/neuntermai.vvn-bda.de\/ru\/wp-json\/wp\/v2\/types\/post"}],"author":[{"embeddable":true,"href":"https:\/\/neuntermai.vvn-bda.de\/ru\/wp-json\/wp\/v2\/users\/2"}],"replies":[{"embeddable":true,"href":"https:\/\/neuntermai.vvn-bda.de\/ru\/wp-json\/wp\/v2\/comments?post=3144"}],"version-history":[{"count":12,"href":"https:\/\/neuntermai.vvn-bda.de\/ru\/wp-json\/wp\/v2\/posts\/3144\/revisions"}],"predecessor-version":[{"id":3173,"href":"https:\/\/neuntermai.vvn-bda.de\/ru\/wp-json\/wp\/v2\/posts\/3144\/revisions\/3173"}],"wp:attachment":[{"href":"https:\/\/neuntermai.vvn-bda.de\/ru\/wp-json\/wp\/v2\/media?parent=3144"}],"wp:term":[{"taxonomy":"category","embeddable":true,"href":"https:\/\/neuntermai.vvn-bda.de\/ru\/wp-json\/wp\/v2\/categories?post=3144"},{"taxonomy":"post_tag","embeddable":true,"href":"https:\/\/neuntermai.vvn-bda.de\/ru\/wp-json\/wp\/v2\/tags?post=3144"}],"curies":[{"name":"wp","href":"https:\/\/api.w.org\/{rel}","templated":true}]}}