
{"id":3113,"date":"2022-04-26T15:33:29","date_gmt":"2022-04-26T13:33:29","guid":{"rendered":"https:\/\/neuntermai.vvn-bda.de\/?p=3113"},"modified":"2022-05-05T12:15:27","modified_gmt":"2022-05-05T10:15:27","slug":"9-mai-2022-%d0%bd%d0%b5%d1%82-%d0%b2%d0%be%d0%b9%d0%bd%d0%b5","status":"publish","type":"post","link":"https:\/\/neuntermai.vvn-bda.de\/ru\/2022\/04\/26\/9-mai-2022-%d0%bd%d0%b5%d1%82-%d0%b2%d0%be%d0%b9%d0%bd%d0%b5\/","title":{"rendered":"9. Mai 2022 &#8211; \u041d\u0435\u0442 \u0432\u043e\u0439\u043d\u0435!"},"content":{"rendered":"<div style=\"height:26px\" aria-hidden=\"true\" class=\"wp-block-spacer\"><\/div>\n\n\n\n<div class=\"wp-block-image is-style-default\"><figure class=\"alignleft size-large is-resized\"><a href=\"https:\/\/neuntermai.vvn-bda.de\/wp-content\/uploads\/sites\/4\/2022\/05\/9Mai_2022_Plakat_Web.jpg\"><img decoding=\"async\" src=\"https:\/\/neuntermai.vvn-bda.de\/wp-content\/uploads\/sites\/4\/2022\/05\/9Mai_2022_Plakat_Web-724x1024.jpg\" alt=\"\" class=\"wp-image-3126\" width=\"-137\" height=\"-194\" srcset=\"https:\/\/neuntermai.vvn-bda.de\/wp-content\/uploads\/sites\/4\/2022\/05\/9Mai_2022_Plakat_Web-724x1024.jpg 724w, https:\/\/neuntermai.vvn-bda.de\/wp-content\/uploads\/sites\/4\/2022\/05\/9Mai_2022_Plakat_Web-212x300.jpg 212w, https:\/\/neuntermai.vvn-bda.de\/wp-content\/uploads\/sites\/4\/2022\/05\/9Mai_2022_Plakat_Web.jpg 744w\" sizes=\"(max-width: 724px) 100vw, 724px\" \/><\/a><\/figure><\/div>\n\n\n\n<p><em><strong>Kundgebung gegen den Krieg und Dank an die Befreier*innen<\/strong><\/em><\/p>\n\n\n\n<p><strong>Berlin | 9.Mai 2022 | ab 9.00 | Sowjetisches Ehrenmal im Treptower Park | an der Skulptur &#8220;Mutter Heimat&#8221;<\/strong><\/p>\n\n\n\n<p class=\"has-small-font-size\"><a href=\"http:\/\/neuntermai.vvn-bda.de\/wp-content\/uploads\/sites\/4\/2022\/05\/9Mai_2022_Flyer_Web.jpg\"><em><strong>Flyer zum download<\/strong><\/em><\/a><\/p>\n\n\n\n<div class=\"wp-block-group\"><div class=\"wp-block-group__inner-container is-layout-flow wp-block-group-is-layout-flow\">\n<div style=\"height:26px\" aria-hidden=\"true\" class=\"wp-block-spacer\"><\/div>\n<\/div><\/div>\n\n\n\n<p class=\"has-medium-font-size\"><strong><em>9. Mai 1945 \u2013 der erste Tag des Friedens<\/em><\/strong><\/p>\n\n\n\n<div style=\"height:26px\" aria-hidden=\"true\" class=\"wp-block-spacer\"><\/div>\n\n\n\n<p>Der 9. Mai 1945 war der erste Tag des Friedens, nachdem am 8. Mai 1945 die endg\u00fcltige und bedingungslose Kapitulation der deutschen Wehrmacht besiegelt wurde. Das Morden der deutschen Wehrmacht und ihrer Kollaborateure in den \u00fcberfallenen L\u00e4ndern und der SS in den Konzentrationslagern war endg\u00fcltig beendet.<\/p>\n\n\n\n<div style=\"height:26px\" aria-hidden=\"true\" class=\"wp-block-spacer\"><\/div>\n\n\n\n<p><strong>\u201eNie wieder Faschismus &#8211; Nie wieder Krieg!\u201c<\/strong> lautet ein Versprechen an die \u00dcberlebenden des Faschismus in Europa und in der Welt. Seitdem wird der 8. Mai 1945 als Tag der Befreiung und der 9. Mai als Tag des Sieges \u00fcber den deutschen Faschismus begangen.<\/p>\n\n\n\n<div style=\"height:26px\" aria-hidden=\"true\" class=\"wp-block-spacer\"><\/div>\n\n\n\n<p><strong>Wir erinnern:<\/strong><\/p>\n\n\n\n<p><strong>Die Rote Armee, befreite Auschwitz, befreite Berlin<\/strong>.<\/p>\n\n\n\n<div style=\"height:26px\" aria-hidden=\"true\" class=\"wp-block-spacer\"><\/div>\n\n\n\n<p>F\u00fcr Millionen Menschen, Opfer der nazistischen Diktatur, kam dieser Tag zu sp\u00e4t; f\u00fcr Juden und J\u00fcd*innen, Sinte*zze und Rom*nja, Homosexuelle und Zwangsarbeiter*innen. Zu sp\u00e4t aber auch f\u00fcr aufrechte Kommunist*innen, Sozialdemokrat*innen, Gewerkschafter*innen, Christ*innen und viele antifaschistisch Denkende und Handelnde. Sie und \u00fcber 10 Millionen alliierter Soldat*innen, Partisan*innen, Widerstandsk\u00e4mpfer*innen in vielen L\u00e4ndern mussten an allen Fronten f\u00fcr den Sieg \u00fcber die Achsenm\u00e4chte und die Befreiung ihr Leben geben. Ihnen und all jenen, die zusammen mit der Roten Armee an der Befreiung vom Faschismus und dem Sieg \u00fcber Nazideutschland beitrugen, gilt unser Dank. <strong>Die Rote Armee, in der Angeh\u00f6rige aller Republiken der damaligen Sowjetunion k\u00e4mpften<\/strong>, befreite Berlin, befreite Auschwitz. Spasibo, thank you, merci!<\/p>\n\n\n\n<p>In Erinnerung und im Gedenken an sie und alle anderen K\u00e4mpfer*innen gegen den Faschismus und um den Sieg der Alliierten \u00fcber das faschistische Deutschland im Mai 1945 zu feiern,<\/p>\n\n\n\n<p>hat die VVN-BdA jedes Jahr am 9. Mai am Sowjetischen Ehrenmal in Treptow ein Fest organisiert.<\/p>\n\n\n\n<div style=\"height:26px\" aria-hidden=\"true\" class=\"wp-block-spacer\"><\/div>\n\n\n\n<p><strong>Stoppt das Morden! Die Waffen nieder!<\/strong><\/p>\n\n\n\n<div style=\"height:26px\" aria-hidden=\"true\" class=\"wp-block-spacer\"><\/div>\n\n\n\n<p>In diesem Jahr ist es nicht mehr m\u00f6glich, dort zu feiern, so wie wir es bisher getan haben. Russland f\u00fchrt einen brutalen Krieg gegen die Ukraine und die Menschen, die dort leben. Es ist unertr\u00e4glich, dass \u00dcberlebende des deutschen Vernichtungskrieges und des Holocaust der Todesgefahr durch Russlands Krieg ausgesetzt sind. Die russische Regierung versucht den 9. Mai und die Erinnerung an die Opfer und den Widerstand der Sowjet-B\u00fcrger*innen im Zweiten Weltkrieg zu monopolisieren und f\u00fcr ihren aktuellen Krieg zu instrumentalisieren. Es ist entsetzlich, dass die Enkel der Opfer des deutschen Faschismus und unserer Befreier*innen in Russland und der Ukraine in einem grausamen Krieg aufeinander schie\u00dfen. Die VVN ist seit ihrer Gr\u00fcndung durch \u00fcberlebende des Naziterrors und Widerstandsk\u00e4mpfer*innen Teil der internationalen Antikriegsbewegung. Wir gehen auch dieses Jahr am 8. und 9. Mai zum sowjetischen Ehrenmal in Treptow, nicht um zu feiern, sondern, um klar und deutlich zu sagen:<\/p>\n\n\n\n<p>Der russische Angriffskrieg muss sofort beendet werden! Stoppt das Morden! Die Waffen nieder!<\/p>\n\n\n\n<div style=\"height:26px\" aria-hidden=\"true\" class=\"wp-block-spacer\"><\/div>\n\n\n\n<p><strong>Gegen alte und neue Geschichtsl\u00fcgen<\/strong><\/p>\n\n\n\n<div style=\"height:26px\" aria-hidden=\"true\" class=\"wp-block-spacer\"><\/div>\n\n\n\n<p>Der Kampf gegen und der Sieg \u00fcber den deutschen Faschismus wird in der aktuellen Lage von allen Seiten geschichtsrevisionistisch instrumentalisiert. In Deutschland wird in den letzten Wochen immer wieder von historischer Verantwortung gesprochen. Wir sagen, der Nachfolgestaat des Dritten Reiches hat eine historische Verantwortung. Diese besteht aber nicht darin, dass die Enkel der deutschen Wehrmachtssoldaten nun doch einen Krieg gegen Russland milit\u00e4risch unterst\u00fctzen und im eigenen Land eine nie gesehene Aufr\u00fcstung betreiben. So weigerte sich Deutschland Jahrzehntelang sowjetischen Kriegsgefangenen und Zwangsarbeiter*innen und allen anderen Opfern seines Vernichtungskrieges, besonders aus den osteurop\u00e4ischen Staaten, Entsch\u00e4digungen zu zahlen.<\/p>\n\n\n\n<p>Wir weisen aber auch gerade am 9. Mai die russische Kriegspropaganda zur\u00fcck, der Angriff auf die Ukraine diene der \u201eDenazifizierung\u201c!<\/p>\n\n\n\n<div style=\"height:26px\" aria-hidden=\"true\" class=\"wp-block-spacer\"><\/div>\n\n\n\n<p><strong>Gegen die neue Kriegsbegeisterung!<\/strong><\/p>\n\n\n\n<div style=\"height:26px\" aria-hidden=\"true\" class=\"wp-block-spacer\"><\/div>\n\n\n\n<p>Wir treten ein gegen den neuen Bellizismus<a id=\"_ftnref1\" href=\"#_ftn1\"><strong><sup>[1]<\/sup><\/strong><\/a> in der deutschen Politik und in der Zivilgesellschaft, gegen die Begeisterung f\u00fcr alles Milit\u00e4rische, uns entsetzt die Begeisterung und Emphase jener, die ukrainische Soldat*innen als Heldinnen in einem Kampf um \u201eunsere westlichen Werte\u201c ins Feld und in den Tod schicken wollen. Als Antifaschist weisen die nationalistische Propaganda Russlands mit der die russische Regierung, der Krieg diene der Entnazifizierung der Ukraine, angewidert zur\u00fcck, aber auch die nationalistische Propaganda ukrainischer Politiker*innen, die l\u00e4ngst nicht mehr nur die russische Regierung und Armee, sondern alle russischen Staatsb\u00fcrger*innen in Visier nimmt.<\/p>\n\n\n\n<div style=\"height:26px\" aria-hidden=\"true\" class=\"wp-block-spacer\"><\/div>\n\n\n\n<p><strong>Solidarit\u00e4t statt Nationalismus!<\/strong><\/p>\n\n\n\n<div style=\"height:26px\" aria-hidden=\"true\" class=\"wp-block-spacer\"><\/div>\n\n\n\n<p>Wir stehen auf der Seite der Leidtragenden dieses Krieges, der ukrainischen Bev\u00f6lkerung, der Gefl\u00fcchteten, derer, die gezwungen werden Soldat*innen zu werden, der Deserteur*innen. Wir sind solidarisch mit den mutigen Menschen, die in Russland gegen den Krieg und einen immer autorit\u00e4reren Staat protestieren. Wir k\u00e4mpfen mit denen, die sich der milit\u00e4rischen und nationalistischen Logik in Russland, in der Ukraine und dem Bellizismus hier in Deutschland und \u00fcberall zu verweigern versuchen.<\/p>\n\n\n\n<div style=\"height:26px\" aria-hidden=\"true\" class=\"wp-block-spacer\"><\/div>\n\n\n\n<p><strong>Kommt am 8. und 9. Mai zum Sowjetischen Ehrenmal in Treptow.<\/strong><\/p>\n\n\n\n<p>Wir erinnern an den historischen Moment, wir danken den Befreier*innen aus allen Republiken<strong> der Sowjetunion!<\/strong><\/p>\n\n\n\n<div style=\"height:26px\" aria-hidden=\"true\" class=\"wp-block-spacer\"><\/div>\n\n\n\n<p><strong>Tretet mit uns ein gegen Krieg, Patriotismus und Nationalismus.<\/strong><\/p>\n\n\n\n<div style=\"height:26px\" aria-hidden=\"true\" class=\"wp-block-spacer\"><\/div>\n\n\n\n<p><strong>Gegen jeden Geschichtsrevisionismus<\/strong>!<\/p>\n\n\n\n<div style=\"height:26px\" aria-hidden=\"true\" class=\"wp-block-spacer\"><\/div>\n\n\n\n<p><strong>Entsch\u00e4digung aller noch lebenden Kriegsgefangenen aus allen Republiken der ehemaligen Sowjetunion, jetzt sofort!<\/strong><\/p>\n\n\n\n<div style=\"height:26px\" aria-hidden=\"true\" class=\"wp-block-spacer\"><\/div>\n\n\n\n<p><strong>Wir fordern die Aufnahme aller Menschen, die vor Kriegen und Armut fl\u00fcchten, die rassistische Aufnahmepraxis muss aufh\u00f6ren<\/strong>! <\/p>\n\n\n\n<div style=\"height:26px\" aria-hidden=\"true\" class=\"wp-block-spacer\"><\/div>\n\n\n\n<p><strong>Unterst\u00fctzt die russischen, belarussischen und ukrainischen Deserteur*innen!<\/strong><\/p>\n\n\n\n<div style=\"height:26px\" aria-hidden=\"true\" class=\"wp-block-spacer\"><\/div>\n\n\n\n<p><strong>Stopp der Aufr\u00fcstungsspirale jetzt<\/strong>!<\/p>\n\n\n\n<div style=\"height:26px\" aria-hidden=\"true\" class=\"wp-block-spacer\"><\/div>\n\n\n\n<p><strong>Solidarit\u00e4t statt Nationalismus! <\/strong><\/p>\n\n\n\n<div style=\"height:26px\" aria-hidden=\"true\" class=\"wp-block-spacer\"><\/div>\n\n\n\n<p><strong>Spasibo, thank you, merci!<\/strong><\/p>\n\n\n\n<div style=\"height:26px\" aria-hidden=\"true\" class=\"wp-block-spacer\"><\/div>\n\n\n\n<p class=\"has-black-color has-cyan-bluish-gray-background-color has-text-color has-background\"><strong>Basisorganisation (BO) 8. Mai der Berliner Vereinigung der Verfolgten des Naziregimes &#8211; Bund der Antifaschistinnen und Antifaschisten (VVN-BdA) \/\/ Antifaschistische Initiative Moabit (AIM) \/\/ Interventionistische Linke Berlin \/\/ Stadtteilladen Zielona Gora e.V. \/\/ <\/strong><\/p>\n\n\n\n<p class=\"has-text-align-right has-small-font-size\">        <a id=\"_ftn1\" href=\"#_ftnref1\">[1]<\/a>Bellizismus ist das Gegenteil von Pazifismus.<\/p>\n\n\n\n<div style=\"height:26px\" aria-hidden=\"true\" class=\"wp-block-spacer\"><\/div>\n\n\n\n<figure class=\"wp-block-image size-large is-resized\"><a href=\"https:\/\/neuntermai.vvn-bda.de\/wp-content\/uploads\/sites\/4\/2022\/02\/IMG_20220224_123810_343.jpg\"><img loading=\"lazy\" decoding=\"async\" src=\"https:\/\/neuntermai.vvn-bda.de\/wp-content\/uploads\/sites\/4\/2022\/02\/IMG_20220224_123810_343-1024x576.jpg\" alt=\"\" class=\"wp-image-3029\" width=\"454\" height=\"256\" srcset=\"https:\/\/neuntermai.vvn-bda.de\/wp-content\/uploads\/sites\/4\/2022\/02\/IMG_20220224_123810_343-1024x576.jpg 1024w, https:\/\/neuntermai.vvn-bda.de\/wp-content\/uploads\/sites\/4\/2022\/02\/IMG_20220224_123810_343-300x169.jpg 300w, https:\/\/neuntermai.vvn-bda.de\/wp-content\/uploads\/sites\/4\/2022\/02\/IMG_20220224_123810_343-768x432.jpg 768w, https:\/\/neuntermai.vvn-bda.de\/wp-content\/uploads\/sites\/4\/2022\/02\/IMG_20220224_123810_343.jpg 1280w\" sizes=\"auto, (max-width: 454px) 100vw, 454px\" \/><\/a><\/figure>\n\n\n\n<h1 class=\"wp-block-heading\"><\/h1>\n\n\n\n<h2 class=\"wp-block-heading\"><a href=\"https:\/\/vvn-bda.de\/die-waffen-nieder-erklaerung-der-vvn-bda-zum-ueberfall-auf-die-ukraine\/\">Die Waffen nieder! Erkl\u00e4rung der VVN-BdA zum \u00dcberfall auf die Ukraine<\/a><\/h2>\n\n\n\n<p>24. Februar 2022<\/p>\n\n\n\n<p><strong>Am heutigen Tag haben russische Truppen den offenen Krieg gegen die Ukraine begonnen.<\/strong><\/p>\n\n\n\n<p>In den letzten Wochen hatte die Russische F\u00f6deration unter Ausnutzung einer gro\u00dfen milit\u00e4rischen \u00dcbermacht und unter dem Deckmantel falscher historischer Herleitungen nach der Annexion der Krim im Jahr 2014 die Souver\u00e4nit\u00e4t der Ukraine in Frage gestellt und mit der v\u00f6lkerrechtswidrigen Anerkennung der sogenannten \u201eVolksrepubliken\u201c im Donbass und die \u00dcbernahme ihrer weitergehenden territorialen Anspr\u00fcche verbunden mit dem Einmarsch russischer regul\u00e4rer Truppen schwerwiegend gebrochen. Dies bedeutete den Abbruch langj\u00e4hriger diplomatischer Bem\u00fchungen zur L\u00f6sung von B\u00fcrgerkrieg und Grenzkonflikt. Nun ist die Russische F\u00f6deration vollst\u00e4ndig zur nackten Gewaltpolitik \u00fcbergegangen.<\/p>\n\n\n\n<blockquote class=\"wp-block-quote is-layout-flow wp-block-quote-is-layout-flow\"><p><strong>Die VVN-BdA verurteilt diese Entscheidungen der Duma und des russischen Pr\u00e4sidenten, die weiteres gro\u00dfes Leid \u00fcber das ukrainische und das russische Volk bringen werden, auf das Sch\u00e4rfste.<\/strong><\/p><\/blockquote>\n\n\n\n<p>Die Ursachen dieser Entwicklung sind vielschichtig und reichen bis in die Phase der Aufl\u00f6sung der Sowjetunion und des \u00dcberganges von der bipolaren Blockkonfrontation zu einem Europa indem zahlreiche Staaten teils konfrontativ, teils kooperierend um Macht und Einfluss ringen, zur\u00fcck.<\/p>\n\n\n\n<!--more-->\n\n\n\n<p>In allen Staaten Osteuropas wurden \u201enationale Identit\u00e4ten\u201c mithilfe nationalistischer und rechtsgerichteter Ideologien konstruiert, vielfach mit R\u00fcckgriff auf die ideologischen Verw\u00fcstungen, die die Jahre des nazistischen Krieges, der Okkupation und der Kollaboration angerichtet haben.<\/p>\n\n\n\n<p>Die reale Macht und der gesellschaftliche Reichtum fielen weitgehend in die H\u00e4nde von Kleptokraten, Geheimdienstlern und Milit\u00e4rs. Das neue Russland, das aus diesen Aufl\u00f6sungserscheinungen schwach, aber \u00fcberwiegend gewaltlos hervor ging, wurde dabei von Anfang an von den USA und Westeuropa mit Geringsch\u00e4tzung bedacht. Bestrebungen mittelosteurop\u00e4ischer Staaten nach wirtschaftlicher und milit\u00e4rischer Integration in EU und NATO wurden von den gro\u00dfen EU-M\u00e4chten, darunter auch Deutschland, gef\u00f6rdert. Dies wurde von der Russischen F\u00f6deration als Bruch von Versprechungen und Akte der Aggression interpretiert.<\/p>\n\n\n\n<p>Besonderer Austragungsort dieser Konfrontation ist die Ukraine. Prowestliche, u. A. von Deutschland unterst\u00fctzte Kr\u00e4fte, aber auch auf die Traditionen des ukrainischen Nationalsozialismus zur\u00fcckreichende Organisationen k\u00e4mpfen mit prorussischen. Die schiere Existenz des souver\u00e4nen ukrainischen Staates wird vom russischen Pr\u00e4sidenten mit R\u00fcckgriff auf falsche bis missbr\u00e4uchlich verwendete historische Analogien immer deutlicher negiert.<\/p>\n\n\n\n<p>Anfang der 2010er Jahre kam es zu einer folgenreichen Kehrtwende der russischen Au\u00dfen- und Sicherheitspolitik, aber auch der Innenpolitik. Seitdem werden die demokratischen Strukturen immer weiter ausgeh\u00f6hlt, w\u00e4hrend gleichzeitig ein umfangreiches R\u00fcstungs- und Milit\u00e4rprogramm Russland zur milit\u00e4rische Gro\u00dfmacht hat werden lassen, das aber auf demographisch und wirtschaftlich schwachen F\u00fc\u00dfen dasteht.<\/p>\n\n\n\n<p>Diese Politik f\u00fchrt zum Gegenteil dessen was sie erreichen soll. Russland ist heute wirtschaftlich, kulturell und politisch st\u00e4rker isoliert denn je. Antirussische Ressentiments und Ideologien im Baltikum, in Polen und der Ukraine haben stark zugenommen .Auch nach einem vordergr\u00fcndig erfolgreichen Krieg w\u00fcrde Russland \u00e4rmer und schw\u00e4cher dastehen denn je.<\/p>\n\n\n\n<blockquote class=\"wp-block-quote is-layout-flow wp-block-quote-is-layout-flow\"><p><strong>Die lautst\u00e4rksten Freunde findet die Politik Russlands in Deutschland gerade in diesen Tagen bei der AfD, Reichsb\u00fcrgern und anderen extrem rechten Gruppierungen, die im Putin-Regime ein Modell f\u00fcr Deutschland sehen.<\/strong><\/p><\/blockquote>\n\n\n\n<p>Einen langfristigen Frieden in Europa wird es nur geben, wenn Gro\u00dfmachtstreben, Nationalismus, Chauvinismus und Autoritarismus in allen L\u00e4ndern \u00fcberwunden werden. Wirtschaftliche Kooperation und kultureller Austausch auf Augenh\u00f6he zwischen gro\u00dfen und kleinen Staaten k\u00f6nnen die Wunden der Geschichte heilen. Deutschland als Nachfolgestaat des NS-Regimes tr\u00e4gt daf\u00fcr eine besonders gro\u00dfe Verantwortung.<\/p>\n\n\n\n<p>Cornelia Kerth, Florian Gutsche<br>Bundesvorsitzende<\/p>\n\n\n\n<p>F\u00fcr Presseanfragen stehen wir gerne zur Verf\u00fcgung.<\/p>\n\n\n\n<p><strong>Kontakt:<\/strong>&nbsp;Hannah Geiger &nbsp;(Pressereferentin VVN-BdA), presse@vvn-bda.de, Mobil +49 (0)178 2785958<\/p>\n\n\n\n<div style=\"height:100px\" aria-hidden=\"true\" class=\"wp-block-spacer\"><\/div>\n\n\n\n<figure class=\"wp-block-embed is-type-video is-provider-youtube wp-block-embed-youtube wp-embed-aspect-16-9 wp-has-aspect-ratio\"><div class=\"wp-block-embed__wrapper\">\n<iframe loading=\"lazy\" title=\"Hitler Kaputt! Mobivideo zum Fahrradkorso am 9. Mai 2021 in Berlin\" width=\"500\" height=\"281\" src=\"https:\/\/www.youtube.com\/embed\/ndYMuCDcmyU?feature=oembed\" frameborder=\"0\" allow=\"accelerometer; autoplay; clipboard-write; encrypted-media; gyroscope; picture-in-picture; web-share\" referrerpolicy=\"strict-origin-when-cross-origin\" allowfullscreen><\/iframe>\n<\/div><\/figure>\n\n\n\n<p>&nbsp;<\/p>\n\n\n\n<h1 class=\"wp-block-heading\"><a href=\"https:\/\/neuntermai.vvn-bda.de\/2021\/04\/12\/9-mai-2021-wer-nicht-radelt-hat-verloren\/\"><strong>9 \u043c\u0430\u044f 2021 \u0433. \u2013 76 \u043b\u0435\u0442 \u041f\u043e\u0431\u0435\u0434\u044b<\/strong><\/a><\/h1>&nbsp;\n\n\n\n<div class=\"wp-block-group\"><div class=\"wp-block-group__inner-container is-layout-flow wp-block-group-is-layout-flow\">\n<div class=\"wp-block-columns is-layout-flex wp-container-core-columns-is-layout-9d6595d7 wp-block-columns-is-layout-flex\">\n<div class=\"wp-block-column is-layout-flow wp-block-column-is-layout-flow\" style=\"flex-basis:100%\">\n<p class=\"has-medium-font-size\"><a href=\"https:\/\/neuntermai.vvn-bda.de\/2021\/04\/12\/9-mai-2021-wer-nicht-radelt-hat-verloren\/\"><strong>\u041c\u044b \u043f\u0440\u0430\u0437\u0434\u043d\u0443\u0435\u043c \u0441 \u0430\u043d\u0442\u0438\u0444\u0430\u0448\u0438\u0441\u0442\u0441\u043a\u0438\u043c \u0432\u0435\u043b\u043e\u043f\u0430\u0440\u0430\u0434\u043e\u043c!<\/strong><\/a>&nbsp;<\/p>\n<\/div>\n<\/div>\n<\/div><\/div>\n\n\n\n<p><strong>\u0421\u0442\u0430\u0440\u0442: 12:00 \u0447\u0430\u0441\u043e\u0432 | \u0421\u043e\u0432\u0435\u0442\u0441\u043a\u0438\u0439 \u043c\u0435\u043c\u043e\u0440\u0438\u0430\u043b \u0428\u0451\u043d\u0445\u043e\u043b\u044c\u0446\u0435\u0440 \u0425\u0430\u0439\u0434\u0435<\/strong><\/p>\n\n\n\n<div class=\"wp-block-columns is-layout-flex wp-container-core-columns-is-layout-9d6595d7 wp-block-columns-is-layout-flex\">\n<div class=\"wp-block-column is-layout-flow wp-block-column-is-layout-flow\" style=\"flex-basis:100%\">\n<p class=\"has-black-color has-text-color\">9 \u043c\u0430\u044f 1945 \u0433\u043e\u0434\u0430 \u043f\u0440\u0430\u0437\u0434\u043d\u0443\u0435\u0442\u0441\u044f \u0432\u043e \u043c\u043d\u043e\u0433\u0438\u0445 \u0441\u0442\u0440\u0430\u043d\u0430\u0445 \u0431\u044b\u0432\u0448\u0435\u0433\u043e \u0421\u043e\u0432\u0435\u0442\u0441\u043a\u043e\u0433\u043e \u0421\u043e\u044e\u0437\u0430 \u043a\u0430\u043a \u0414\u0435\u043d\u044c \u041f\u043e\u0431\u0435\u0434\u044b. \u0412 \u044d\u0442\u043e\u0442 \u0434\u0435\u043d\u044c \u0431\u044b\u043b\u0430 \u043f\u043e\u0434\u043f\u0438\u0441\u0430\u043d\u0430 \u043e\u043a\u043e\u043d\u0447\u0430\u0442\u0435\u043b\u044c\u043d\u0430\u044f \u0438 \u0431\u0435\u0437\u043e\u0433\u043e\u0432\u043e\u0440\u043e\u0447\u043d\u0430\u044f \u043a\u0430\u043f\u0438\u0442\u0443\u043b\u044f\u0446\u0438\u044f \u043d\u0435\u043c\u0435\u0446\u043a\u043e\u0433\u043e \u0412\u0435\u0440\u043c\u0430\u0445\u0442\u0430. \u041f\u0440\u0438 \u044d\u0442\u043e\u043c \u0434\u043e\u043b\u0436\u0435\u043d \u0431\u044b\u0442\u044c \u043f\u043e\u0434\u0447\u0435\u0440\u043a\u043d\u0443\u0442 \u0432\u043a\u043b\u0430\u0434 \u0421\u043e\u0432\u0435\u0442\u0441\u043a\u043e\u0433\u043e \u0421\u043e\u044e\u0437\u0430 \u043f\u0440\u0438 \u0440\u0430\u0437\u0431\u0438\u0442\u0438\u0438\u0438 \u0444\u0430\u0448\u0438\u0437\u043c\u0430 \u043d\u0430 \u0412\u043e\u0441\u0442\u043e\u0447\u043d\u043e\u043c \u0444\u0440\u043e\u043d\u0442\u0435.<\/p>\n<\/div>\n<\/div>\n\n\n\n<div class=\"wp-block-columns is-layout-flex wp-container-core-columns-is-layout-9d6595d7 wp-block-columns-is-layout-flex\">\n<div class=\"wp-block-column is-layout-flow wp-block-column-is-layout-flow\" style=\"flex-basis:100%\">\n<p class=\"has-black-color has-text-color\">\u0412 \u0413\u0435\u0440\u043c\u0430\u043d\u0438\u0438 \u0447\u0430\u0441\u0442\u043e \u0437\u0430\u0431\u044b\u0432\u0430\u044e\u0442 \u043e \u0442\u043e\u043c, \u043a\u0442\u043e \u043f\u043e\u0431\u0435\u0434\u0438\u043b \u0444\u0430\u0448\u0438\u0441\u0442\u0441\u043a\u0443\u044e \u0443\u0431\u0438\u0439\u0441\u0442\u0432\u0435\u043d\u043d\u0443\u044e \u0430\u0440\u043c\u0438\u044e \u0438 \u043a\u0430\u043a\u0443\u044e \u0436\u0435\u0440\u0442\u0432\u0443 \u043f\u0440\u0438\u043d\u0435\u0441\u043b\u0438 \u043d\u0430\u0440\u043e\u0434\u044b \u0431\u044b\u0432\u0448\u0435\u0433\u043e \u0421\u043e\u0432\u0435\u0442\u0441\u043a\u043e\u0433\u043e \u0421\u043e\u044e\u0437\u0430. \u041c\u044b \u0445\u043e\u0442\u0438\u043c \u0432\u043e\u0441\u043f\u043e\u043b\u044c\u0437\u043e\u0432\u0430\u0442\u044c\u0441\u044f 76-\u0439 \u0433\u043e\u0434\u043e\u0432\u0449\u0438\u043d\u043e\u0439 \u041e\u0441\u0432\u043e\u0431\u043e\u0436\u0434\u0435\u043d\u0438\u044f \u0438 \u041f\u043e\u0431\u0435\u0434\u044b, \u0447\u0442\u043e\u0431\u044b \u0432\u044b\u0440\u0430\u0437\u0438\u0442\u044c \u043d\u0430\u0448\u0435 \u043f\u0440\u0438\u0437\u043d\u0430\u043d\u0438\u0435 \u0438 \u0431\u043b\u0430\u0433\u043e\u0434\u0430\u0440\u043d\u043e\u0441\u0442\u044c!<\/p>\n<\/div>\n<\/div>\n\n\n\n<div class=\"wp-block-columns is-layout-flex wp-container-core-columns-is-layout-9d6595d7 wp-block-columns-is-layout-flex\">\n<div class=\"wp-block-column is-layout-flow wp-block-column-is-layout-flow\" style=\"flex-basis:100%\">\n<p class=\"has-black-color has-text-color\">\u0418 \u0432 \u044d\u0442\u043e\u043c \u0433\u043e\u0434\u0443, \u043c\u044b \u0445\u043e\u0442\u0435\u043b\u0438 \u043e\u0440\u0433\u0430\u043d\u0438\u0437\u043e\u0432\u0430\u0442\u044c &#8211; \u0442\u0435\u043f\u0435\u0440\u044c \u0443\u0436\u0435 \u0447\u0435\u0442\u044b\u0440\u043d\u0430\u0434\u0446\u0430\u0442\u044b\u0439 \u0440\u0430\u0437 &#8211; \u043d\u0430\u0448 \u043d\u0435\u043a\u043e\u043c\u043c\u0435\u0440\u0447\u0435\u0441\u043a\u0438\u0439 \u043f\u0440\u0430\u0437\u0434\u043d\u0438\u043a \u043a \u0414\u043d\u044e \u041f\u043e\u0431\u0435\u0434\u044b \u0438 \u0445\u043e\u0442\u0435\u043b\u0438 \u043f\u0440\u0430\u0437\u0434\u043d\u043e\u0432\u0430\u0442\u044c, \u0435\u0441\u0442\u044c \u0438 \u043f\u0438\u0442\u044c \u0432\u043c\u0435\u0441\u0442\u0435 \u0432\u0435\u0442\u0435\u0440\u0430\u043d\u0430\u043c\u0438 \u0438 \u0432\u0435\u0442\u0435\u0440\u0430\u043d\u043a\u0430\u043c\u0438, \u043c\u043d\u043e\u0433\u043e\u0447\u0438\u0441\u043b\u0435\u043d\u043d\u044b\u043c\u0438 \u0433\u043e\u0441\u0442\u044f\u043c\u0438, \u043c\u0443\u0437\u044b\u043a\u0430\u043d\u0442\u0430\u043c\u0438 \u0438 \u0434\u0440\u0443\u0437\u044c\u044f\u043c\u0438.<\/p>\n\n\n\n<blockquote class=\"wp-block-quote is-layout-flow wp-block-quote-is-layout-flow\"><p><strong>\u0421\u043f\u0430\u0441\u0438\u0431\u043e, thank you, merci &#8211; \u0442\u043e\u0441\u0442 \u0437\u0430 \u043f\u043e\u0431\u0435\u0434\u0443, \u0437\u0430 \u043c\u0438\u0440, \u0437\u0430 \u0436\u0438\u0437\u043d\u044c! \u0421 \u0434\u043d\u0451\u043c \u043f\u043e\u0431\u0435\u0434\u044b!<\/strong><\/p><\/blockquote>\n\n\n\n<p class=\"has-black-color has-text-color\">\u041a \u0441\u043e\u0436\u0430\u043b\u0435\u043d\u0438\u044e \u0432 \u044d\u0442\u043e\u043c \u0433\u043e\u0434\u0443, \u0432\u043e \u0432\u0442\u043e\u0440\u043e\u0439 \u0433\u043e\u0434 \u043f\u0430\u043d\u0434\u0435\u043c\u0438\u0438, \u043d\u0430\u0448 \u043f\u0440\u0430\u0437\u0434\u043d\u0438\u043a 9 \u043c\u0430\u044f 2021 \u0433\u043e\u0434\u0430 \u0441\u043d\u043e\u0432\u0430 \u043d\u0435 \u043c\u043e\u0436\u0435\u0442 \u0441\u043e\u0441\u0442\u043e\u044f\u0442\u044c\u0441\u044f \u043a\u0430\u043a \u043e\u0431\u044b\u0447\u043d\u043e. \u041d\u043e \u0432\u043c\u0435\u0441\u0442\u043e \u044d\u0442\u043e\u0433\u043e \u043c\u044b&nbsp;\u0433\u043e\u0432\u043e\u0440\u0438\u043c: <\/p>\n\n\n\n<h2 class=\"has-text-align-center wp-block-heading\"><strong><a href=\"https:\/\/neuntermai.vvn-bda.de\/ru\/2021\/04\/22\/hier-gehts-zur-route-des-antifaschistischen-fahrradkorsos\/\" target=\"_blank\" rel=\"noreferrer noopener\">&#8220;<strong>\u041a<\/strong>\u0442\u043e \u043d\u0435 \u043a\u0440\u0443\u0442\u0438\u0442 \u043f\u0435\u0434\u0430\u043b\u0438,&nbsp;\u0442\u043e\u0442 \u043f\u0440\u043e\u0438\u0433\u0440\u0430\u043b!&#8221;<\/a> <\/strong><\/h2>\n\n\n\n<p class=\"has-black-color has-text-color\">\u041c\u044b \u043f\u0440\u043e\u0432\u043e\u0434\u0438\u043c <strong><a href=\"https:\/\/neuntermai.vvn-bda.de\/ru\/2021\/04\/22\/hier-gehts-zur-route-des-antifaschistischen-fahrradkorsos\/\" target=\"_blank\" rel=\"noreferrer noopener\">\u0430\u043d\u0442\u0438\u0444\u0430\u0448\u0438\u0441\u0442\u0441\u043a\u0438\u0439 \u0432\u0435\u043b\u043e\u0441\u0438\u043f\u0435\u0434\u043d\u044b\u0439 \u043f\u0430\u0440\u0430\u0434<\/a><\/strong> \u043f\u043e \u0411\u0435\u0440\u043b\u0438\u043d\u0443 \u0438 \u043f\u043e\u0441\u0435\u0449\u0430\u0435\u043c \u0442\u0440\u0438 \u0441\u043e\u0432\u0435\u0442\u0441\u043a\u0438\u0445 \u043c\u0435\u043c\u043e\u0440\u0438\u0430\u043b\u0430. \u0412\u0435\u043b\u043e\u043f\u0430\u0440\u0430\u0434 \u0441\u0442\u0430\u0440\u0442\u0443\u0435\u0442&nbsp;12 \u0447. \u0443 \u0441\u043e\u0432\u0435\u0442\u0441\u043a\u043e\u0433\u043e \u043c\u0435\u043c\u043e\u0440\u0438\u0430\u043b\u0430 \u0428\u0451\u043d\u0445\u043e\u043b\u044c\u0446\u0435\u0440 \u0425\u0430\u0439\u0434\u0435. \u041d\u0430\u0448\u0430 \u0446\u0435\u043b\u044c &#8211; \u0421\u043e\u0432\u0435\u0442\u0441\u043a\u0438\u0439 \u043c\u0435\u043c\u043e\u0440\u0438\u0430\u043b \u0432 \u0422\u0440\u0435\u043f\u0442\u043e\u0432-\u043f\u0430\u0440\u043a\u0435. \u0412 \u043c\u0430\u0435 1945 \u0433. \u0431\u0435\u0440\u043b\u0438\u043d\u0446\u044b \u0432 \u0437\u043d\u0430\u043a \u043a\u0430\u043f\u0438\u0442\u0443\u043b\u044f\u0446\u0438\u0438 \u0441\u0432\u0438\u0441\u0430\u043b\u0438 \u0431\u0435\u043b\u044b\u0435 \u043f\u0440\u043e\u0441\u0442\u044b\u043d\u0438&nbsp;\u0438\u0437 \u043e\u043a\u043e\u043d \u0438 \u0441 \u0431\u0430\u043b\u043a\u043e\u043d\u043e\u0432. \u041c\u044b \u0445\u043e\u0442\u0438\u043c \u0443\u0432\u0438\u0434\u0435\u0442\u044c \u044d\u0442\u043e \u0441\u043d\u043e\u0432\u0430 \u043f\u043e \u043c\u0430\u0440\u0448\u0440\u0443\u0442\u0443 \u0438 \u043f\u043e \u0432\u0441\u0435\u043c\u0443 \u0411\u0435\u0440\u043b\u0438\u043d\u0443!<\/p>\n<\/div>\n<\/div>\n\n\n\n<div class=\"wp-block-columns is-layout-flex wp-container-core-columns-is-layout-9d6595d7 wp-block-columns-is-layout-flex\">\n<div class=\"wp-block-column is-layout-flow wp-block-column-is-layout-flow\" style=\"flex-basis:100%\">\n<p class=\"has-text-align-left\" style=\"font-size:15px\"><strong>9 \u043c\u0430\u044f 1945 \u0433\u043e\u0434\u0430 \u0431\u044b\u043b \u043f\u0435\u0440\u0432\u044b\u043c \u0434\u043d\u0451\u043c \u043c\u0438\u0440\u0430.<\/strong> <strong>\u0414\u0430\u0432\u0430\u0439\u0442\u0435 \u0432\u0441\u043f\u043e\u043c\u0438\u043d\u0430\u0442\u044c, \u043f\u043e\u0435\u0434\u0435\u043c \u043d\u0430 \u0432\u0435\u043b\u043e\u0441\u0438\u043f\u0435\u0434\u0435 \u0438 \u043f\u0440\u0430\u0437\u0434\u043d\u043e\u0432\u0430\u0442\u044c \u0432 \u0447\u0435\u0441\u0442\u044c 9 \u043c\u0430\u044f.<\/strong><\/p>\n<\/div>\n<\/div>\n\n\n\n<blockquote class=\"wp-block-quote is-layout-flow wp-block-quote-is-layout-flow\"><p><strong>\u0421\u043e\u043b\u0438\u0434\u0430\u0440\u043d\u043e\u0441\u0442\u044c \u0432\u043c\u0435\u0441\u0442\u043e \u043d\u0430\u0446\u0438\u043e\u043d\u0430\u043b\u0438\u0437\u043c\u0430! \u041d\u0435 \u0434\u0430\u0432\u0430\u0439\u0442\u0435 \u043d\u043e\u0432\u044b\u0439 \u0448\u0430\u043d\u0441 \u043d\u0435\u043e\u0444\u0430\u0448\u0438\u0437\u043c\u0443, \u0440\u0430\u0441\u0438\u0437\u043c\u0443 \u0438 \u0430\u043d\u0442\u0438\u0441\u0435\u043c\u0438\u0442\u0438\u0437\u043c\u0443!<\/strong><\/p><\/blockquote>\n\n\n\n<hr class=\"wp-block-separator is-style-wide\" \/>\n\n\n\n<div class=\"wp-block-columns is-layout-flex wp-container-core-columns-is-layout-9d6595d7 wp-block-columns-is-layout-flex\"><\/div>\n\n\n\n<p class=\"has-cyan-bluish-gray-background-color has-background\"><strong>\u0411\u0430\u0437\u043e\u0432\u0430\u044f \u043e\u0440\u0433\u0430\u043d\u0438\u0437\u0430\u0446\u0438\u044f \u201e8 \u043c\u0430\u044f\u201c \u0431\u0435\u0440\u043b\u0438\u043d\u0441\u043a\u043e\u0433\u043e &#8220;\u041e\u0431\u044a\u0435\u0434\u0438\u043d\u0435\u043d\u0438\u044f \u043f\u0440\u0435\u0441\u043b\u0435\u0434\u0443\u0435\u043c\u044b\u0445 \u043d\u0430\u0446\u0438\u0441\u0442\u0441\u043a\u0438\u043c \u0440\u0435\u0436\u0438\u043c\u043e\u043c &#8211; \u0421\u043e\u044e\u0437 a\u043d\u0442\u0438\u0444\u0430\u0448\u0438\u0441\u0442\u043e\u043a \u0438 a\u043d\u0442\u0438\u0444\u0430\u0448\u0438\u0441\u0442\u043e\u0432&#8221; (O\u041f\u041d-CA; \u043d\u0435\u043c.: VVN-BdA) \/\/ \u0410\u043d\u0442\u0438\u0444\u0430\u0448\u0438\u0441\u0442\u043a\u0430\u044f \u0438\u043d\u0442\u0438\u0430\u0442\u0438\u0432\u0430 \u041c\u043e\u0430\u0431\u0438\u0442\u0430 (\u0410\u0418\u041c) \/\/ \u0418\u043d\u0442\u0435\u0440\u0432\u0435\u043d\u0446\u0438\u043e\u043d\u0438\u0441\u0442\u0441\u043a\u0438\u0435 \u041b\u0435\u0432\u044b\u0435 \u0411\u0435\u0440\u043b\u0438\u043d\u0430 \/\/ \u041a\u043e\u043b\u043b\u0435\u043a\u0442\u0438\u0432 \u201e\u0417\u0435\u043b\u0451\u043d\u0430-\u0413\u0443\u0440\u0430\u201c<\/strong><\/p>\n\n\n\n<div class=\"wp-block-columns is-layout-flex wp-container-core-columns-is-layout-9d6595d7 wp-block-columns-is-layout-flex\"><\/div>\n\n\n\n<hr class=\"wp-block-separator is-style-wide\" \/>\n\n\n\n<h3 class=\"wp-block-heading\"><strong>\u041c\u0435\u0434\u0438\u0430-\u043f\u0430\u0440\u0442\u043d\u0435\u0440\u044b:<\/strong><\/h3>\n\n\n\n<div class=\"wp-block-columns is-layout-flex wp-container-core-columns-is-layout-9d6595d7 wp-block-columns-is-layout-flex\">\n<div class=\"wp-block-column is-layout-flow wp-block-column-is-layout-flow\">\n<figure class=\"wp-block-image size-large is-resized\"><a href=\"https:\/\/www.jungle.world\/\" target=\"_blank\" rel=\"noopener\"><img loading=\"lazy\" decoding=\"async\" src=\"https:\/\/neuntermai.vvn-bda.de\/wp-content\/uploads\/sites\/4\/2021\/04\/jungle_VVN-BdA_342x242px-2-1-6-724x1024.png\" alt=\"\" class=\"wp-image-2590\" width=\"106\" height=\"150\" srcset=\"https:\/\/neuntermai.vvn-bda.de\/wp-content\/uploads\/sites\/4\/2021\/04\/jungle_VVN-BdA_342x242px-2-1-6-724x1024.png 724w, https:\/\/neuntermai.vvn-bda.de\/wp-content\/uploads\/sites\/4\/2021\/04\/jungle_VVN-BdA_342x242px-2-1-6-212x300.png 212w, https:\/\/neuntermai.vvn-bda.de\/wp-content\/uploads\/sites\/4\/2021\/04\/jungle_VVN-BdA_342x242px-2-1-6-768x1086.png 768w, https:\/\/neuntermai.vvn-bda.de\/wp-content\/uploads\/sites\/4\/2021\/04\/jungle_VVN-BdA_342x242px-2-1-6.png 1008w\" sizes=\"auto, (max-width: 106px) 100vw, 106px\" \/><\/a><\/figure>\n<\/div>\n\n\n\n<div class=\"wp-block-column is-layout-flow wp-block-column-is-layout-flow\">\n<figure class=\"wp-block-image size-large is-resized\"><a href=\"https:\/\/www.jungewelt.de\/\" target=\"_blank\" rel=\"noopener\"><img loading=\"lazy\" decoding=\"async\" src=\"https:\/\/neuntermai.vvn-bda.de\/wp-content\/uploads\/sites\/4\/2021\/04\/jW_Probeabo_antifa_242_342px-7.png\" alt=\"\" class=\"wp-image-2591\" width=\"106\" height=\"150\" srcset=\"https:\/\/neuntermai.vvn-bda.de\/wp-content\/uploads\/sites\/4\/2021\/04\/jW_Probeabo_antifa_242_342px-7.png 242w, https:\/\/neuntermai.vvn-bda.de\/wp-content\/uploads\/sites\/4\/2021\/04\/jW_Probeabo_antifa_242_342px-7-212x300.png 212w\" sizes=\"auto, (max-width: 106px) 100vw, 106px\" \/><\/a><\/figure>\n<\/div>\n\n\n\n<div class=\"wp-block-column is-layout-flow wp-block-column-is-layout-flow\">\n<figure class=\"wp-block-image size-large is-resized\"><a href=\"https:\/\/www.konkret-magazin.de\/\" target=\"_blank\" rel=\"noopener\"><img loading=\"lazy\" decoding=\"async\" src=\"https:\/\/neuntermai.vvn-bda.de\/wp-content\/uploads\/sites\/4\/2021\/04\/konkret_VVN-BdA_342x242px-e1618852387196-6.png\" alt=\"\" class=\"wp-image-2592\" width=\"106\" height=\"150\" \/><\/a><\/figure>\n<\/div>\n<\/div>\n\n\n\n<div class=\"wp-block-columns is-layout-flex wp-container-core-columns-is-layout-9d6595d7 wp-block-columns-is-layout-flex\">\n<div class=\"wp-block-column is-layout-flow wp-block-column-is-layout-flow\">\n<figure class=\"wp-block-image size-large is-resized\"><a href=\"https:\/\/www.neues-deutschland.de\/\" target=\"_blank\" rel=\"noopener\"><img loading=\"lazy\" decoding=\"async\" src=\"https:\/\/neuntermai.vvn-bda.de\/wp-content\/uploads\/sites\/4\/2021\/04\/Banner-242x342px-nd-kombiminiabo-5.jpg\" alt=\"\" class=\"wp-image-2595\" width=\"106\" height=\"150\" srcset=\"https:\/\/neuntermai.vvn-bda.de\/wp-content\/uploads\/sites\/4\/2021\/04\/Banner-242x342px-nd-kombiminiabo-5.jpg 242w, https:\/\/neuntermai.vvn-bda.de\/wp-content\/uploads\/sites\/4\/2021\/04\/Banner-242x342px-nd-kombiminiabo-5-212x300.jpg 212w\" sizes=\"auto, (max-width: 106px) 100vw, 106px\" \/><\/a><\/figure>\n<\/div>\n\n\n\n<div class=\"wp-block-column is-layout-flow wp-block-column-is-layout-flow\">\n<figure class=\"wp-block-image size-large is-resized\"><a href=\"https:\/\/shop.taz.de\/shop_content.php?coID=14\" target=\"_blank\" rel=\"noopener\"><img loading=\"lazy\" decoding=\"async\" src=\"https:\/\/neuntermai.vvn-bda.de\/wp-content\/uploads\/sites\/4\/2021\/04\/tazrad_VVN-BdA_342x242px-e1618854551475-6.png\" alt=\"\" class=\"wp-image-2596\" width=\"106\" height=\"150\" \/><\/a><\/figure>\n<\/div>\n\n\n\n<div class=\"wp-block-column is-layout-flow wp-block-column-is-layout-flow\"><\/div>\n<\/div>\n\n\n\n<hr class=\"wp-block-separator\" \/>\n\n\n\n<p><\/p>","protected":false},"excerpt":{"rendered":"<p>Kundgebung gegen den Krieg und Dank an die Befreier*innen<\/p>\n<p>Berlin | 9.Mai 2022 | ab 9.00 | Sowjetisches Ehrenmal im Treptower Park | an der Skulptur &#8220;Mutter Heimat&#8221;<\/p>\n<p>Flyer zum download<\/p>\n<p>9. Mai 1945 \u2013 der erste Tag des Friedens<\/p>\n<p>Der 9. Mai 1945 war der erste Tag des Friedens, nachdem am 8. Mai 1945 die endg\u00fcltige und bedingungslose &#8230;<\/p>\n","protected":false},"author":2,"featured_media":0,"comment_status":"open","ping_status":"open","sticky":false,"template":"","format":"standard","meta":{"_acf_changed":false,"footnotes":""},"categories":[1],"tags":[],"class_list":["post-3113","post","type-post","status-publish","format-standard","hentry","category-aktuelles"],"acf":[],"_links":{"self":[{"href":"https:\/\/neuntermai.vvn-bda.de\/ru\/wp-json\/wp\/v2\/posts\/3113","targetHints":{"allow":["GET"]}}],"collection":[{"href":"https:\/\/neuntermai.vvn-bda.de\/ru\/wp-json\/wp\/v2\/posts"}],"about":[{"href":"https:\/\/neuntermai.vvn-bda.de\/ru\/wp-json\/wp\/v2\/types\/post"}],"author":[{"embeddable":true,"href":"https:\/\/neuntermai.vvn-bda.de\/ru\/wp-json\/wp\/v2\/users\/2"}],"replies":[{"embeddable":true,"href":"https:\/\/neuntermai.vvn-bda.de\/ru\/wp-json\/wp\/v2\/comments?post=3113"}],"version-history":[{"count":6,"href":"https:\/\/neuntermai.vvn-bda.de\/ru\/wp-json\/wp\/v2\/posts\/3113\/revisions"}],"predecessor-version":[{"id":3135,"href":"https:\/\/neuntermai.vvn-bda.de\/ru\/wp-json\/wp\/v2\/posts\/3113\/revisions\/3135"}],"wp:attachment":[{"href":"https:\/\/neuntermai.vvn-bda.de\/ru\/wp-json\/wp\/v2\/media?parent=3113"}],"wp:term":[{"taxonomy":"category","embeddable":true,"href":"https:\/\/neuntermai.vvn-bda.de\/ru\/wp-json\/wp\/v2\/categories?post=3113"},{"taxonomy":"post_tag","embeddable":true,"href":"https:\/\/neuntermai.vvn-bda.de\/ru\/wp-json\/wp\/v2\/tags?post=3113"}],"curies":[{"name":"wp","href":"https:\/\/api.w.org\/{rel}","templated":true}]}}